{"id":1947,"date":"2025-05-19T15:31:27","date_gmt":"2025-05-19T13:31:27","guid":{"rendered":"https:\/\/www.ggs-eick.de\/cms\/?p=1947"},"modified":"2025-05-16T15:31:49","modified_gmt":"2025-05-16T13:31:49","slug":"muellwoche","status":"publish","type":"post","link":"https:\/\/www.ggs-eick.de\/cms\/2025\/05\/19\/muellwoche\/","title":{"rendered":"M\u00fcllwoche"},"content":{"rendered":"\n<div class=\"wp-block-getwid-section\"><div class=\"wp-block-getwid-section__wrapper\"><div class=\"wp-block-getwid-section__inner-wrapper\"><div class=\"wp-block-getwid-section__background-holder\"><div class=\"wp-block-getwid-section__background has-background has-color-5-background-color\"><\/div><div class=\"wp-block-getwid-section__foreground\"><\/div><\/div><div class=\"wp-block-getwid-section__content\"><div class=\"wp-block-getwid-section__inner-content\"><div class=\"wp-block-image\">\n<figure class=\"aligncenter size-large is-resized\"><img loading=\"lazy\" decoding=\"async\" width=\"768\" height=\"1024\" src=\"https:\/\/www.ggs-eick.de\/cms\/wp-content\/uploads\/2025\/05\/IMG_7291-768x1024.jpeg\" alt=\"\" class=\"wp-image-1948\" style=\"width:440px;height:auto\" srcset=\"https:\/\/www.ggs-eick.de\/cms\/wp-content\/uploads\/2025\/05\/IMG_7291-768x1024.jpeg 768w, https:\/\/www.ggs-eick.de\/cms\/wp-content\/uploads\/2025\/05\/IMG_7291-225x300.jpeg 225w, https:\/\/www.ggs-eick.de\/cms\/wp-content\/uploads\/2025\/05\/IMG_7291-1152x1536.jpeg 1152w, https:\/\/www.ggs-eick.de\/cms\/wp-content\/uploads\/2025\/05\/IMG_7291-1536x2048.jpeg 1536w, https:\/\/www.ggs-eick.de\/cms\/wp-content\/uploads\/2025\/05\/IMG_7291-scaled.jpeg 1920w\" sizes=\"auto, (max-width: 768px) 100vw, 768px\" \/><\/figure>\n<\/div>\n\n\n<p class=\"has-medium-font-size\">In der letzten Woche hat die Abfallwoche an der GGS Eick stattgefunden. Alle Klassen haben an einem Tag M\u00fcll gesammelt und \u00fcber die Folgen von M\u00fcll in der Umwelt sowie die M\u00fclltrennung gesprochen. Die Kinder waren motiviert und haben ein Gesp\u00fcr f\u00fcr den respektvollen Umgang mit der Natur erhalten.\u00a0<\/p>\n<\/div><\/div><\/div><\/div><\/div>\n","protected":false},"excerpt":{"rendered":"","protected":false},"author":3,"featured_media":0,"comment_status":"open","ping_status":"open","sticky":false,"template":"","format":"standard","meta":{"_uag_custom_page_level_css":"","footnotes":""},"categories":[16,1],"tags":[],"class_list":["post-1947","post","type-post","status-publish","format-standard","hentry","category-aktuelles","category-start"],"jetpack_sharing_enabled":true,"jetpack_featured_media_url":"","uagb_featured_image_src":{"full":false,"thumbnail":false,"medium":false,"medium_large":false,"large":false,"1536x1536":false,"2048x2048":false,"post-thumbnail":false,"gutenix-thumb-s":false,"gutenix-thumb-m":false,"gutenix-thumb-post":false,"gutenix-thumb-l":false,"gutenix-thumb-xl":false,"gutenix-thumb-grid-2col":false,"gutenix-thumb-masonry":false,"gutenix-thumb-masonry-2col":false,"gutenix-thumb-justify":false},"uagb_author_info":{"display_name":"Frau Dehnel","author_link":"https:\/\/www.ggs-eick.de\/cms\/author\/dehnel\/"},"uagb_comment_info":0,"uagb_excerpt":null,"_links":{"self":[{"href":"https:\/\/www.ggs-eick.de\/cms\/wp-json\/wp\/v2\/posts\/1947","targetHints":{"allow":["GET"]}}],"collection":[{"href":"https:\/\/www.ggs-eick.de\/cms\/wp-json\/wp\/v2\/posts"}],"about":[{"href":"https:\/\/www.ggs-eick.de\/cms\/wp-json\/wp\/v2\/types\/post"}],"author":[{"embeddable":true,"href":"https:\/\/www.ggs-eick.de\/cms\/wp-json\/wp\/v2\/users\/3"}],"replies":[{"embeddable":true,"href":"https:\/\/www.ggs-eick.de\/cms\/wp-json\/wp\/v2\/comments?post=1947"}],"version-history":[{"count":1,"href":"https:\/\/www.ggs-eick.de\/cms\/wp-json\/wp\/v2\/posts\/1947\/revisions"}],"predecessor-version":[{"id":1950,"href":"https:\/\/www.ggs-eick.de\/cms\/wp-json\/wp\/v2\/posts\/1947\/revisions\/1950"}],"wp:attachment":[{"href":"https:\/\/www.ggs-eick.de\/cms\/wp-json\/wp\/v2\/media?parent=1947"}],"wp:term":[{"taxonomy":"category","embeddable":true,"href":"https:\/\/www.ggs-eick.de\/cms\/wp-json\/wp\/v2\/categories?post=1947"},{"taxonomy":"post_tag","embeddable":true,"href":"https:\/\/www.ggs-eick.de\/cms\/wp-json\/wp\/v2\/tags?post=1947"}],"curies":[{"name":"wp","href":"https:\/\/api.w.org\/{rel}","templated":true}]}}