{"id":1914,"date":"2025-04-01T14:21:28","date_gmt":"2025-04-01T12:21:28","guid":{"rendered":"https:\/\/www.ggs-eick.de\/cms\/?p=1914"},"modified":"2025-04-02T15:13:53","modified_gmt":"2025-04-02T13:13:53","slug":"das-neue-holzpferd-auf-dem-schulhof-am-hauptstandort","status":"publish","type":"post","link":"https:\/\/www.ggs-eick.de\/cms\/2025\/04\/01\/das-neue-holzpferd-auf-dem-schulhof-am-hauptstandort\/","title":{"rendered":"Das neue Holzpferd auf dem Schulhof am Hauptstandort"},"content":{"rendered":"\n<div class=\"wp-block-getwid-section\"><div class=\"wp-block-getwid-section__wrapper\"><div class=\"wp-block-getwid-section__inner-wrapper\"><div class=\"wp-block-getwid-section__background-holder\"><div class=\"wp-block-getwid-section__background has-background has-color-5-background-color\"><\/div><div class=\"wp-block-getwid-section__foreground\"><\/div><\/div><div class=\"wp-block-getwid-section__content\"><div class=\"wp-block-getwid-section__inner-content\"><div class=\"wp-block-image\">\n<figure class=\"aligncenter size-full\"><img loading=\"lazy\" decoding=\"async\" width=\"548\" height=\"640\" src=\"https:\/\/www.ggs-eick.de\/cms\/wp-content\/uploads\/2025\/04\/image4.jpeg\" alt=\"\" class=\"wp-image-1916\" srcset=\"https:\/\/www.ggs-eick.de\/cms\/wp-content\/uploads\/2025\/04\/image4.jpeg 548w, https:\/\/www.ggs-eick.de\/cms\/wp-content\/uploads\/2025\/04\/image4-257x300.jpeg 257w\" sizes=\"auto, (max-width: 548px) 100vw, 548px\" \/><\/figure>\n<\/div><\/div><\/div><\/div><\/div><\/div>\n\n\n\n<p class=\"has-medium-font-size\">Heute war ein besonderer Tag f\u00fcr unsere Schule: Mit einer feierlichen Einweihung haben wir unser neues Holzpferd willkommen gehei\u00dfen!<\/p>\n\n\n\n<p class=\"has-medium-font-size\">In den letzten Wochen haben die Kinder mit Begeisterung Namensvorschl\u00e4ge gesammelt, und nun steht fest \u2013 unser Pferd hei\u00dft Eicki. Der Name wurde mit gro\u00dfer Freude aufgenommen, und alle Kinder waren dabei, als wir das neue Spielger\u00e4t feierlich enth\u00fcllten. Begleitet von unserer Schulhymne wurde Eicki offiziell Teil unseres Schulhofs.<\/p>\n\n\n\n<p class=\"has-medium-font-size\">Ein sch\u00f6ner Zufall: Das Holzpferd wurde buchst\u00e4blich vom Fr\u00fchling gek\u00fcsst, denn es steht unter unserer wundersch\u00f6nen bl\u00fchenden Felsenbirne. Der Standort ist einfach herrlich \u2013 ein wunderbarer Platz zum Spielen, Tr\u00e4umen und gemeinsamen Entdecken.<\/p>\n\n\n\n<p class=\"has-medium-font-size\">Ein herzliches Dankesch\u00f6n geht an unseren F\u00f6rderverein, der dieses tolle neue Spielger\u00e4t erm\u00f6glicht hat. Ohne diese Unterst\u00fctzung w\u00e4re Eicki nicht bei uns eingezogen. Vielen lieben Dank!<\/p>\n\n\n\n<p class=\"has-text-align-center has-medium-font-size\">Wir freuen uns auf viele gl\u00fcckliche Kinderstunden mit Eicki!<\/p>\n","protected":false},"excerpt":{"rendered":"<p>Heute war ein besonderer Tag f\u00fcr unsere Schule: Mit einer feierlichen Einweihung haben wir unser neues Holzpferd willkommen gehei\u00dfen! In den letzten Wochen haben die Kinder mit Begeisterung Namensvorschl\u00e4ge gesammelt, und nun steht fest \u2013 unser Pferd hei\u00dft Eicki. Der Name wurde mit gro\u00dfer Freude aufgenommen, und alle Kinder waren dabei, als wir das neue [&hellip;]<\/p>\n","protected":false},"author":3,"featured_media":0,"comment_status":"open","ping_status":"open","sticky":false,"template":"","format":"standard","meta":{"_uag_custom_page_level_css":"","footnotes":""},"categories":[1],"tags":[],"class_list":["post-1914","post","type-post","status-publish","format-standard","hentry","category-start"],"jetpack_sharing_enabled":true,"jetpack_featured_media_url":"","uagb_featured_image_src":{"full":false,"thumbnail":false,"medium":false,"medium_large":false,"large":false,"1536x1536":false,"2048x2048":false,"post-thumbnail":false,"gutenix-thumb-s":false,"gutenix-thumb-m":false,"gutenix-thumb-post":false,"gutenix-thumb-l":false,"gutenix-thumb-xl":false,"gutenix-thumb-grid-2col":false,"gutenix-thumb-masonry":false,"gutenix-thumb-masonry-2col":false,"gutenix-thumb-justify":false},"uagb_author_info":{"display_name":"Frau Dehnel","author_link":"https:\/\/www.ggs-eick.de\/cms\/author\/dehnel\/"},"uagb_comment_info":0,"uagb_excerpt":"Heute war ein besonderer Tag f\u00fcr unsere Schule: Mit einer feierlichen Einweihung haben wir unser neues Holzpferd willkommen gehei\u00dfen! In den letzten Wochen haben die Kinder mit Begeisterung Namensvorschl\u00e4ge gesammelt, und nun steht fest \u2013 unser Pferd hei\u00dft Eicki. Der Name wurde mit gro\u00dfer Freude aufgenommen, und alle Kinder waren dabei, als wir das neue&hellip;","_links":{"self":[{"href":"https:\/\/www.ggs-eick.de\/cms\/wp-json\/wp\/v2\/posts\/1914","targetHints":{"allow":["GET"]}}],"collection":[{"href":"https:\/\/www.ggs-eick.de\/cms\/wp-json\/wp\/v2\/posts"}],"about":[{"href":"https:\/\/www.ggs-eick.de\/cms\/wp-json\/wp\/v2\/types\/post"}],"author":[{"embeddable":true,"href":"https:\/\/www.ggs-eick.de\/cms\/wp-json\/wp\/v2\/users\/3"}],"replies":[{"embeddable":true,"href":"https:\/\/www.ggs-eick.de\/cms\/wp-json\/wp\/v2\/comments?post=1914"}],"version-history":[{"count":2,"href":"https:\/\/www.ggs-eick.de\/cms\/wp-json\/wp\/v2\/posts\/1914\/revisions"}],"predecessor-version":[{"id":1917,"href":"https:\/\/www.ggs-eick.de\/cms\/wp-json\/wp\/v2\/posts\/1914\/revisions\/1917"}],"wp:attachment":[{"href":"https:\/\/www.ggs-eick.de\/cms\/wp-json\/wp\/v2\/media?parent=1914"}],"wp:term":[{"taxonomy":"category","embeddable":true,"href":"https:\/\/www.ggs-eick.de\/cms\/wp-json\/wp\/v2\/categories?post=1914"},{"taxonomy":"post_tag","embeddable":true,"href":"https:\/\/www.ggs-eick.de\/cms\/wp-json\/wp\/v2\/tags?post=1914"}],"curies":[{"name":"wp","href":"https:\/\/api.w.org\/{rel}","templated":true}]}}