{"id":1419,"date":"2024-09-02T18:09:20","date_gmt":"2024-09-02T16:09:20","guid":{"rendered":"https:\/\/www.ggs-eick.de\/cms\/?p=1419"},"modified":"2025-09-01T19:11:55","modified_gmt":"2025-09-01T17:11:55","slug":"schulanfaengeranmeldung-2024einschulung-2025","status":"publish","type":"post","link":"https:\/\/www.ggs-eick.de\/cms\/2024\/09\/02\/schulanfaengeranmeldung-2024einschulung-2025\/","title":{"rendered":"Schulanf\u00e4ngeranmeldung 2025 &#8211; Einschulung 2026"},"content":{"rendered":"\n<div class=\"wp-block-getwid-section\"><div class=\"wp-block-getwid-section__wrapper\"><div class=\"wp-block-getwid-section__inner-wrapper\"><div class=\"wp-block-getwid-section__background-holder\"><div class=\"wp-block-getwid-section__background has-background has-color-5-background-color\"><\/div><div class=\"wp-block-getwid-section__foreground\"><\/div><\/div><div class=\"wp-block-getwid-section__content\"><div class=\"wp-block-getwid-section__inner-content\">\n<p>Liebe Eltern unserer zuk\u00fcnftigen Lernanf\u00e4nger,<\/p>\n\n\n\n<p>bestimmt blicken Sie schon ganz gespannt der Einschulung Ihres Kindes in 2026 entgegen.<\/p>\n\n\n\n<p>Gerne begr\u00fc\u00dfen wir Ihr Kind und Sie zum Tag der offenen T\u00fcr am 2.10.2025, 10 Uhr &#8211; 11:30 Uhr. Nutzen Sie gerne die Gelegenheit in unsere Schule hineinzuschnuppern.<\/p>\n\n\n\n<p>Sie k\u00f6nnen Ihr Kind zu den unten genannten Terminen gerne bei uns anmelden. Sie haben dazu Post von der Stadt mit den Anmeldeunterlagen erhalten. Bei Fragen rufen Sie uns gerne an. Wir freuen uns auf Ihr Kind und Sie.<\/p>\n\n\n\n<p>Das Team der GGS Eick<\/p>\n\n\n\n<div class=\"wp-block-getwid-section\"><div class=\"wp-block-getwid-section__wrapper\"><div class=\"wp-block-getwid-section__inner-wrapper\"><div class=\"wp-block-getwid-section__background-holder\"><div class=\"wp-block-getwid-section__background\"><\/div><div class=\"wp-block-getwid-section__foreground\"><\/div><\/div><div class=\"wp-block-getwid-section__content\"><div class=\"wp-block-getwid-section__inner-content\"><div class=\"wp-block-image\">\n<figure class=\"aligncenter size-full is-resized\"><a href=\"https:\/\/www.ggs-eick.de\/cms\/wp-content\/uploads\/2025\/09\/Info-fuer-Vorschuleltern-Homepage-September.pdf\" target=\"_blank\" rel=\" noreferrer noopener\"><img loading=\"lazy\" decoding=\"async\" width=\"1132\" height=\"648\" src=\"https:\/\/www.ggs-eick.de\/cms\/wp-content\/uploads\/2024\/09\/Tag-der-offenen-Tuer-2025_PPT.png\" alt=\"\" class=\"wp-image-1981\" style=\"width:816px;height:auto\" srcset=\"https:\/\/www.ggs-eick.de\/cms\/wp-content\/uploads\/2024\/09\/Tag-der-offenen-Tuer-2025_PPT.png 1132w, https:\/\/www.ggs-eick.de\/cms\/wp-content\/uploads\/2024\/09\/Tag-der-offenen-Tuer-2025_PPT-300x172.png 300w, https:\/\/www.ggs-eick.de\/cms\/wp-content\/uploads\/2024\/09\/Tag-der-offenen-Tuer-2025_PPT-1024x586.png 1024w, https:\/\/www.ggs-eick.de\/cms\/wp-content\/uploads\/2024\/09\/Tag-der-offenen-Tuer-2025_PPT-768x440.png 768w\" sizes=\"auto, (max-width: 1132px) 100vw, 1132px\" \/><\/a><figcaption class=\"wp-element-caption\">Klick f\u00fcr die gesamte Pr\u00e4sentation<\/figcaption><\/figure>\n<\/div><\/div><\/div><\/div><\/div><\/div>\n<\/div><\/div><\/div><\/div><\/div>\n\n\n\n<p><\/p>\n","protected":false},"excerpt":{"rendered":"","protected":false},"author":1,"featured_media":0,"comment_status":"closed","ping_status":"closed","sticky":false,"template":"","format":"standard","meta":{"_uag_custom_page_level_css":"","footnotes":""},"categories":[20],"tags":[21],"class_list":["post-1419","post","type-post","status-publish","format-standard","hentry","category-einschulung2026","tag-einschulung"],"jetpack_sharing_enabled":true,"jetpack_featured_media_url":"","uagb_featured_image_src":{"full":false,"thumbnail":false,"medium":false,"medium_large":false,"large":false,"1536x1536":false,"2048x2048":false,"post-thumbnail":false,"gutenix-thumb-s":false,"gutenix-thumb-m":false,"gutenix-thumb-post":false,"gutenix-thumb-l":false,"gutenix-thumb-xl":false,"gutenix-thumb-grid-2col":false,"gutenix-thumb-masonry":false,"gutenix-thumb-masonry-2col":false,"gutenix-thumb-justify":false},"uagb_author_info":{"display_name":"ggsadmin","author_link":"https:\/\/www.ggs-eick.de\/cms\/author\/ggsadmin\/"},"uagb_comment_info":0,"uagb_excerpt":null,"_links":{"self":[{"href":"https:\/\/www.ggs-eick.de\/cms\/wp-json\/wp\/v2\/posts\/1419","targetHints":{"allow":["GET"]}}],"collection":[{"href":"https:\/\/www.ggs-eick.de\/cms\/wp-json\/wp\/v2\/posts"}],"about":[{"href":"https:\/\/www.ggs-eick.de\/cms\/wp-json\/wp\/v2\/types\/post"}],"author":[{"embeddable":true,"href":"https:\/\/www.ggs-eick.de\/cms\/wp-json\/wp\/v2\/users\/1"}],"replies":[{"embeddable":true,"href":"https:\/\/www.ggs-eick.de\/cms\/wp-json\/wp\/v2\/comments?post=1419"}],"version-history":[{"count":9,"href":"https:\/\/www.ggs-eick.de\/cms\/wp-json\/wp\/v2\/posts\/1419\/revisions"}],"predecessor-version":[{"id":1984,"href":"https:\/\/www.ggs-eick.de\/cms\/wp-json\/wp\/v2\/posts\/1419\/revisions\/1984"}],"wp:attachment":[{"href":"https:\/\/www.ggs-eick.de\/cms\/wp-json\/wp\/v2\/media?parent=1419"}],"wp:term":[{"taxonomy":"category","embeddable":true,"href":"https:\/\/www.ggs-eick.de\/cms\/wp-json\/wp\/v2\/categories?post=1419"},{"taxonomy":"post_tag","embeddable":true,"href":"https:\/\/www.ggs-eick.de\/cms\/wp-json\/wp\/v2\/tags?post=1419"}],"curies":[{"name":"wp","href":"https:\/\/api.w.org\/{rel}","templated":true}]}}