{"id":1120,"date":"2023-05-07T13:07:09","date_gmt":"2023-05-07T11:07:09","guid":{"rendered":"https:\/\/www.ggs-eick.de\/cms\/?p=1120"},"modified":"2025-07-02T13:31:08","modified_gmt":"2025-07-02T11:31:08","slug":"verein-der-freunde-und-foerderer-der-staedtischen-gemeinschaftsgrundschule-eick-standort-eicker-grund-2","status":"publish","type":"post","link":"https:\/\/www.ggs-eick.de\/cms\/2023\/05\/07\/verein-der-freunde-und-foerderer-der-staedtischen-gemeinschaftsgrundschule-eick-standort-eicker-grund-2\/","title":{"rendered":"Verein der FREUNDE und F\u00d6RDERER der st\u00e4dtischen Gemeinschaftsgrundschule Eick \u2013 Standort Eicker Grund"},"content":{"rendered":"\n<p>(F\u00f6rderverein West)<\/p>\n\n\n\n<div class=\"wp-block-getwid-section\"><div class=\"wp-block-getwid-section__wrapper\"><div class=\"wp-block-getwid-section__inner-wrapper\"><div class=\"wp-block-getwid-section__background-holder\"><div class=\"wp-block-getwid-section__background has-background has-color-5-background-color\"><\/div><div class=\"wp-block-getwid-section__foreground\"><\/div><\/div><div class=\"wp-block-getwid-section__content\"><div class=\"wp-block-getwid-section__inner-content\"><div class=\"wp-block-image\">\n<figure class=\"aligncenter size-full is-resized\"><img decoding=\"async\" src=\"https:\/\/www.ggs-eick.de\/cms\/wp-content\/uploads\/2023\/05\/foerderwest1.jpg\" alt=\"\" style=\"width:293px;height:207px\"\/><\/figure>\n<\/div>\n\n\n<p>Gerade in Zeiten knapper \u00f6ffentlicher Kassen ist der gemeinn\u00fctzige F\u00f6rderverein ein wichtiger St\u00fctzpfeiler dieser Schule!<br>Vieles geht ohne den F\u00f6rderverein einfach nicht!<br>&nbsp;<\/p>\n\n\n\n<p><strong>Der F\u00f6rderverein unterst\u00fctzt die GGS Eick am Standort Eicker Grund und ihre Sch\u00fcler<\/strong><\/p>\n\n\n\n<p>\u2026&nbsp;bei der Organisation von &nbsp;&nbsp;<\/p>\n\n\n\n<ul class=\"wp-block-list\">\n<li>Schulfesten<\/li>\n\n\n\n<li>Tr\u00f6delm\u00e4rkten<\/li>\n\n\n\n<li>Sponsorenl\u00e4ufen<\/li>\n\n\n\n<li>diversen Veranstaltungen, Vortr\u00e4gen, \u2026<\/li>\n<\/ul>\n\n\n\n<p><br>\u2026 bei der Anschaffung von zus\u00e4tzlichen<\/p>\n\n\n\n<ul class=\"wp-block-list\">\n<li>Lehrmitteln<\/li>\n\n\n\n<li>Mobiliar<\/li>\n\n\n\n<li>Sport- und Spielger\u00e4ten<\/li>\n<\/ul>\n\n\n<div class=\"wp-block-image\">\n<figure class=\"alignright size-full is-resized\"><img loading=\"lazy\" decoding=\"async\" width=\"480\" height=\"640\" src=\"https:\/\/www.ggs-eick.de\/cms\/wp-content\/uploads\/2023\/05\/foerderwest2.jpg\" alt=\"Kletterturm\" class=\"wp-image-1086\" style=\"width:240px;height:320px\" srcset=\"https:\/\/www.ggs-eick.de\/cms\/wp-content\/uploads\/2023\/05\/foerderwest2.jpg 480w, https:\/\/www.ggs-eick.de\/cms\/wp-content\/uploads\/2023\/05\/foerderwest2-225x300.jpg 225w\" sizes=\"auto, (max-width: 480px) 100vw, 480px\" \/><\/figure>\n<\/div>\n\n\n<p><br>\u2026. und beim traditionellen allj\u00e4hrlichen Martinsumzug!!!<br><br>Jedes Jahr&nbsp;<strong>organisiert<\/strong>&nbsp;und&nbsp;<strong>finanziert<\/strong>&nbsp;der F\u00f6rderverein den&nbsp;Martinsumzug.<\/p>\n\n\n\n<p><strong>Hier einige Beispiele f\u00fcr Projekte, die der&nbsp;F\u00f6rderverein schon verwirklicht hat:<\/strong><\/p>\n\n\n\n<ul class=\"wp-block-list\">\n<li>Fahrr\u00e4der und Helme f\u00fcr den Verkehrsunterricht<\/li>\n\n\n\n<li>Roller, Inliner und andere Sportger\u00e4te f\u00fcr den Sportunterricht sowie f\u00fcr die Freizeitgestaltung in unserer Schule<\/li>\n\n\n\n<li>tragbare Rechner, Computer, Beamer zur Unterst\u00fctzung des Unterrichts<\/li>\n\n\n\n<li>Video- und Digitalkamera f\u00fcr Projektarbeiten<\/li>\n\n\n\n<li>den j\u00e4hrlichen Martinszug unserer Schule im und f\u00fcr den gesamten Stadtteil Eick-West<\/li>\n\n\n\n<li>Kletterturm auf dem Schulhof<\/li>\n\n\n\n<li>Zirkusprojekt<br>&nbsp;<\/li>\n<\/ul>\n\n\n\n<p>Helfen Sie dabei und unterst\u00fctzen Sie unsere Kinder, um eine zukunftsf\u00e4hige Schulbildung sowie ein kindgerechtes Lernumfeld zu erhalten.<\/p>\n\n\n\n<p>Lernen soll auch Spa\u00df machen!<\/p>\n\n\n\n<p><strong><span style=\"text-decoration: underline;\">Ansprechpartner:<\/span><\/strong><\/p>\n\n\n\n<p>1. Vorsitzende: Merle Bahr, Tel.&nbsp;01577\/1360739<\/p>\n\n\n\n<p>stellv. Vorsitzender: Jasmin Vinnbruck, Tel.&nbsp;0176\/24 33 80 40<\/p>\n\n\n\n<p>Schatzmeister: Robin Werner<\/p>\n\n\n\n<p>Allgemeiner Kontakt: <strong><a href=\"mailto:foerderverein-west@ggs.eick.de\">foerderverein-west@ggs-eick.de<\/a><\/strong><\/p>\n\n\n\n<p>Werden auch Sie Mitglied im F\u00f6rderverein.<\/p>\n<\/div><\/div><\/div><\/div><\/div>\n","protected":false},"excerpt":{"rendered":"<p>(F\u00f6rderverein West)<\/p>\n","protected":false},"author":2,"featured_media":0,"comment_status":"closed","ping_status":"closed","sticky":false,"template":"","format":"standard","meta":{"_uag_custom_page_level_css":"","footnotes":""},"categories":[19],"tags":[],"class_list":["post-1120","post","type-post","status-publish","format-standard","hentry","category-foerderverein"],"jetpack_sharing_enabled":true,"jetpack_featured_media_url":"","uagb_featured_image_src":{"full":false,"thumbnail":false,"medium":false,"medium_large":false,"large":false,"1536x1536":false,"2048x2048":false,"post-thumbnail":false,"gutenix-thumb-s":false,"gutenix-thumb-m":false,"gutenix-thumb-post":false,"gutenix-thumb-l":false,"gutenix-thumb-xl":false,"gutenix-thumb-grid-2col":false,"gutenix-thumb-masonry":false,"gutenix-thumb-masonry-2col":false,"gutenix-thumb-justify":false},"uagb_author_info":{"display_name":"schulleitung","author_link":"https:\/\/www.ggs-eick.de\/cms\/author\/schulleitung\/"},"uagb_comment_info":0,"uagb_excerpt":"(F\u00f6rderverein West)","_links":{"self":[{"href":"https:\/\/www.ggs-eick.de\/cms\/wp-json\/wp\/v2\/posts\/1120","targetHints":{"allow":["GET"]}}],"collection":[{"href":"https:\/\/www.ggs-eick.de\/cms\/wp-json\/wp\/v2\/posts"}],"about":[{"href":"https:\/\/www.ggs-eick.de\/cms\/wp-json\/wp\/v2\/types\/post"}],"author":[{"embeddable":true,"href":"https:\/\/www.ggs-eick.de\/cms\/wp-json\/wp\/v2\/users\/2"}],"replies":[{"embeddable":true,"href":"https:\/\/www.ggs-eick.de\/cms\/wp-json\/wp\/v2\/comments?post=1120"}],"version-history":[{"count":20,"href":"https:\/\/www.ggs-eick.de\/cms\/wp-json\/wp\/v2\/posts\/1120\/revisions"}],"predecessor-version":[{"id":1960,"href":"https:\/\/www.ggs-eick.de\/cms\/wp-json\/wp\/v2\/posts\/1120\/revisions\/1960"}],"wp:attachment":[{"href":"https:\/\/www.ggs-eick.de\/cms\/wp-json\/wp\/v2\/media?parent=1120"}],"wp:term":[{"taxonomy":"category","embeddable":true,"href":"https:\/\/www.ggs-eick.de\/cms\/wp-json\/wp\/v2\/categories?post=1120"},{"taxonomy":"post_tag","embeddable":true,"href":"https:\/\/www.ggs-eick.de\/cms\/wp-json\/wp\/v2\/tags?post=1120"}],"curies":[{"name":"wp","href":"https:\/\/api.w.org\/{rel}","templated":true}]}}